{"id":3833,"date":"2025-12-16T13:21:05","date_gmt":"2025-12-16T12:21:05","guid":{"rendered":"https:\/\/www.gjerpenif.no\/wp\/?p=3833"},"modified":"2025-12-16T13:21:07","modified_gmt":"2025-12-16T12:21:07","slug":"til-minne-om-cathrine-onsoien","status":"publish","type":"post","link":"https:\/\/www.gjerpenif.no\/wp\/til-minne-om-cathrine-onsoien\/","title":{"rendered":"Til minne om Cathrine Ons\u00f8ien"},"content":{"rendered":"\n<figure class=\"wp-block-image size-full\"><a href=\"https:\/\/www.gjerpenif.no\/wp\/wp-content\/uploads\/2025\/12\/Cathrine-Onsoien-.-paraaktivitet1.jpg\"><img loading=\"lazy\" decoding=\"async\" width=\"993\" height=\"957\" src=\"https:\/\/www.gjerpenif.no\/wp\/wp-content\/uploads\/2025\/12\/Cathrine-Onsoien-.-paraaktivitet1.jpg\" alt=\"\" class=\"wp-image-3834\" srcset=\"https:\/\/www.gjerpenif.no\/wp\/wp-content\/uploads\/2025\/12\/Cathrine-Onsoien-.-paraaktivitet1.jpg 993w, https:\/\/www.gjerpenif.no\/wp\/wp-content\/uploads\/2025\/12\/Cathrine-Onsoien-.-paraaktivitet1-300x289.jpg 300w, https:\/\/www.gjerpenif.no\/wp\/wp-content\/uploads\/2025\/12\/Cathrine-Onsoien-.-paraaktivitet1-768x740.jpg 768w\" sizes=\"(max-width: 993px) 100vw, 993px\" \/><\/a><\/figure>\n\n\n\n<p>Det er med stor sorg vi har mottatt budskapet om at Cathrine Ons\u00f8ien har g\u00e5tt bort. Hun forlot oss br\u00e5tt og uventet og etterlater seg et tomrom som er vanskelig \u00e5 fatte- b\u00e5de i Gjerpen IF og i hjertene til alle som kjente henne.<\/p>\n\n\n\n<p>Cathrine var mer enn en engasjert bidragsyter i klubben v\u00e5r. Hun hadde initiativ, drivkraft og varmt engasjement som f\u00f8rte til at vi i Gjerpen IF startet med paraidrett. For henne handlet idrett ikke bare om prestasjon, men om fellesskap, mestring og glede \u2013 og om \u00e5 gi alle en plass.<\/p>\n\n\n\n<p>Hun har v\u00e6rt fotballtrener og var medlem i friidrettsgruppa v\u00e5r. Hun har l\u00f8pt mange ultral\u00f8p for Gjerpen og hadde planer om \u00e5 delta i store l\u00f8p fremover. Hun var livsglad, alltid godt hum\u00f8r, enormt positiv og utrolig seig p\u00e5 lange l\u00f8p. Hun ville alltid l\u00f8pe de lengste og bratteste l\u00f8pene.<\/p>\n\n\n\n<p>Hun m\u00f8tte mennesker med respekt, smil og oppriktig interesse. Hun slo alltid av en prat, hadde en smittende latter og s\u00e5 b\u00e5de voksne og barn. Mange fikk oppleve trygghet, tilh\u00f8righet og selvtillit gjennom hennes engasjement. Sporene hun har satt vil leve videre i menneskene hun n\u00e5dde, og i tilbudet hun var med p\u00e5 \u00e5 bygge opp. Gjerpen IF vil f\u00f8re paraidretten videre slik vi vet at Cathrine hadde \u00f8nsket.<\/p>\n\n\n\n<p>At hun er borte f\u00f8les uvirkelig. Samtidig er vi dypt takknemlige for alt hun ga av tid, omsorg og engasjement. Hun minnet oss om at det er viktig \u00e5 se den enkelte og handle med hjertet.<\/p>\n\n\n\n<p>V\u00e5re tanker g\u00e5r n\u00e5 til familien og de n\u00e6rmeste. Vi deler deres sorg og savn og lyser fred over Cathrines minne.<\/p>\n","protected":false},"excerpt":{"rendered":"<p>Det er med stor sorg vi har mottatt budskapet om at Cathrine Ons\u00f8ien har g\u00e5tt bort. Hun forlot oss br\u00e5tt og uventet og etterlater seg et tomrom som er vanskelig \u00e5 fatte- b\u00e5de i Gjerpen IF og i hjertene til alle som kjente henne. Cathrine var mer enn en engasjert bidragsyter i klubben v\u00e5r. Hun &hellip;<\/p>\n","protected":false},"author":11,"featured_media":3835,"comment_status":"closed","ping_status":"closed","sticky":false,"template":"","format":"standard","meta":{"footnotes":""},"categories":[1],"tags":[],"class_list":["post-3833","post","type-post","status-publish","format-standard","has-post-thumbnail","","category-aktuelt"],"_links":{"self":[{"href":"https:\/\/www.gjerpenif.no\/wp\/wp-json\/wp\/v2\/posts\/3833"}],"collection":[{"href":"https:\/\/www.gjerpenif.no\/wp\/wp-json\/wp\/v2\/posts"}],"about":[{"href":"https:\/\/www.gjerpenif.no\/wp\/wp-json\/wp\/v2\/types\/post"}],"author":[{"embeddable":true,"href":"https:\/\/www.gjerpenif.no\/wp\/wp-json\/wp\/v2\/users\/11"}],"replies":[{"embeddable":true,"href":"https:\/\/www.gjerpenif.no\/wp\/wp-json\/wp\/v2\/comments?post=3833"}],"version-history":[{"count":1,"href":"https:\/\/www.gjerpenif.no\/wp\/wp-json\/wp\/v2\/posts\/3833\/revisions"}],"predecessor-version":[{"id":3836,"href":"https:\/\/www.gjerpenif.no\/wp\/wp-json\/wp\/v2\/posts\/3833\/revisions\/3836"}],"wp:featuredmedia":[{"embeddable":true,"href":"https:\/\/www.gjerpenif.no\/wp\/wp-json\/wp\/v2\/media\/3835"}],"wp:attachment":[{"href":"https:\/\/www.gjerpenif.no\/wp\/wp-json\/wp\/v2\/media?parent=3833"}],"wp:term":[{"taxonomy":"category","embeddable":true,"href":"https:\/\/www.gjerpenif.no\/wp\/wp-json\/wp\/v2\/categories?post=3833"},{"taxonomy":"post_tag","embeddable":true,"href":"https:\/\/www.gjerpenif.no\/wp\/wp-json\/wp\/v2\/tags?post=3833"}],"curies":[{"name":"wp","href":"https:\/\/api.w.org\/{rel}","templated":true}]}}